{"id":3176,"date":"2026-09-01T15:18:27","date_gmt":"2026-09-01T13:18:27","guid":{"rendered":"https:\/\/recercacompetecs.udl.cat\/codicri\/?p=3176"},"modified":"2026-09-01T15:20:36","modified_gmt":"2026-09-01T13:20:36","slug":"usando-ia-generativa-de-forma-critica-en-metodologia-de-investigacion","status":"publish","type":"post","link":"https:\/\/recercacompetecs.udl.cat\/codicri\/pea-disenos\/usando-ia-generativa-de-forma-critica-en-metodologia-de-investigacion","title":{"rendered":"Usando IA generativa de forma cr\u00edtica en metodolog\u00eda de investigaci\u00f3n"},"content":{"rendered":"\n<p class=\"wp-block-paragraph\"><\/p>\n\n\n\n<h2 class=\"wp-block-heading\">Usando IA generativa de forma cr\u00edtica en metodolog\u00eda de investigaci\u00f3n<\/h2>\n\n\n\n<p class=\"wp-block-paragraph\"><strong>EQUIPO DISE\u00d1ADOR Y AFILIACI\u00d3N: <\/strong>Yannis Dimitriadis y Luis Pablo Prieto, Universidad de Valladolid<\/p>\n\n\n\n<p class=\"wp-block-paragraph\"><strong>DISE\u00d1O DEL ESCENARIO DE APRENDIZAJE<\/strong>:<\/p>\n\n\n\n<p class=\"wp-block-paragraph\"><strong>Aproximaciones pedag\u00f3gicas:<\/strong><\/p>\n\n\n\n<p class=\"wp-block-paragraph\">La PEA est\u00e1 apoyada en los principios de aprendizaje por proyectos, en proyectos aut\u00e9nticos (un proyecto de investigaci\u00f3n susceptible a constituir su proyecto TFM, tesis doctoral, o proyecto a financiarse), y en cierta medida en aprendizaje entre iguales.<\/p>\n\n\n\n<p class=\"wp-block-paragraph\"><strong>Aspectos materiales (recursos materiales y tecnol\u00f3gicos necesarios, espacios,\u2026):<\/strong> <\/p>\n\n\n\n<p class=\"wp-block-paragraph\">Documentos y videos disponibles en espacio virtual, acceso a herramientas de GenIA.<\/p>\n\n\n\n<p class=\"wp-block-paragraph\"><strong>Aspectos sociales (agrupamiento, roles,\u2026):<\/strong><\/p>\n\n\n\n<p class=\"wp-block-paragraph\">Trabajo en proyectos por grupos (dos o tres personas) definidos por el profesorado a partir de encuesta de intereses\/experiencia en investigaci\u00f3n.<\/p>\n\n\n\n<p class=\"wp-block-paragraph\"><strong>Aspectos epistemol\u00f3gicos (tareas, secuencia, temporalizaci\u00f3n, modalidad,\u2026):<\/strong><\/p>\n\n\n\n<p class=\"wp-block-paragraph\">Creaci\u00f3n de un espacio de recursos\/productos compartidos de trabajo con el fin de ir creando una comunidad de aprendizaje.<\/p>\n\n\n\n<p class=\"wp-block-paragraph\"><\/p>\n\n\n\n<p class=\"wp-block-paragraph\"><strong>SUGERENCIAS PARA LA IMPLEMENTACI\u00d3N<\/strong>:<\/p>\n\n\n\n<p class=\"wp-block-paragraph\">El centro de la PEA est\u00e1 en el proceso cognitivo\/metacognitivo consistente en la lectura\/reflexi\u00f3n cr\u00edtica sobre el uso de GenAI en investigaci\u00f3n, as\u00ed como la planificaci\u00f3n y registro de lo realizado, junto con una reflexi\u00f3n cr\u00edtica.<\/p>\n\n\n\n<p class=\"wp-block-paragraph\">Hay que enfatizar el papel de la transparencia en el proceso que se reporta en un artefacto y se eval\u00faa seg\u00fan una r\u00fabrica.<\/p>\n\n\n\n<p class=\"wp-block-paragraph\"><em>Usando IA generativa de forma cr\u00edtica en metodolog\u00eda de investigaci\u00f3n \u00a9 2026 por CoDiCri est\u00e1 bajo licencia CC BY-NC-SA 4.0: https:\/\/creativecommons.org\/licenses\/by-nc-sa\/4.0\/deed.es<\/em><\/p>\n\n\n\n<figure class=\"wp-block-image aligncenter size-full is-resized\"><a href=\"https:\/\/unidisc.csuc.cat\/index.php\/s\/hQka2Yuwe4eykS6\" target=\"_blank\" rel=\" noreferrer noopener\"><img fetchpriority=\"high\" decoding=\"async\" width=\"511\" height=\"511\" src=\"https:\/\/recercacompetecs.udl.cat\/codicri\/wp-content\/uploads\/2025\/06\/pdf-e1749841583385.png\" alt=\"\" class=\"wp-image-901\" style=\"width:59px;height:auto\" srcset=\"https:\/\/recercacompetecs.udl.cat\/codicri\/wp-content\/uploads\/2025\/06\/pdf-e1749841583385.png 511w, https:\/\/recercacompetecs.udl.cat\/codicri\/wp-content\/uploads\/2025\/06\/pdf-e1749841583385-300x300.png 300w, https:\/\/recercacompetecs.udl.cat\/codicri\/wp-content\/uploads\/2025\/06\/pdf-e1749841583385-150x150.png 150w, https:\/\/recercacompetecs.udl.cat\/codicri\/wp-content\/uploads\/2025\/06\/elementor\/thumbs\/pdf-e1749841583385-r79eytwirgj2dh71n4pb9bynu4f238pqr2nk2iojhs.png 120w\" sizes=\"(max-width: 511px) 100vw, 511px\" \/><\/a><\/figure>\n\n\n\n<p class=\"has-text-align-center wp-block-paragraph\"><strong><a href=\"https:\/\/unidisc.csuc.cat\/index.php\/s\/hQka2Yuwe4eykS6\">Descargar ficha en PDF<\/a><\/strong><\/p>\n","protected":false},"excerpt":{"rendered":"<p>PEA centrada en la metacognici\u00f3n alrededor del uso de la IA generativa para la investigaci\u00f3n.<\/p>\n","protected":false},"author":2,"featured_media":0,"comment_status":"closed","ping_status":"open","sticky":false,"template":"","format":"standard","meta":{"footnotes":""},"categories":[73],"tags":[53,59,46,50,48],"class_list":["post-3176","post","type-post","status-publish","format-standard","hentry","category-pea-disenos","tag-cdc-ciudadania-y-responsabilidad-digitales","tag-cdc-evaluacion-critica-de-contenido","tag-cdc-pensamiento-critico-sobre-el-mundo-digital","tag-pea-pedagogica-centrada-en-aprendiz-y-contenido","tag-pea-pedagogica-centrada-en-aprendiz-y-proceso"],"_links":{"self":[{"href":"https:\/\/recercacompetecs.udl.cat\/codicri\/wp-json\/wp\/v2\/posts\/3176","targetHints":{"allow":["GET"]}}],"collection":[{"href":"https:\/\/recercacompetecs.udl.cat\/codicri\/wp-json\/wp\/v2\/posts"}],"about":[{"href":"https:\/\/recercacompetecs.udl.cat\/codicri\/wp-json\/wp\/v2\/types\/post"}],"author":[{"embeddable":true,"href":"https:\/\/recercacompetecs.udl.cat\/codicri\/wp-json\/wp\/v2\/users\/2"}],"replies":[{"embeddable":true,"href":"https:\/\/recercacompetecs.udl.cat\/codicri\/wp-json\/wp\/v2\/comments?post=3176"}],"version-history":[{"count":2,"href":"https:\/\/recercacompetecs.udl.cat\/codicri\/wp-json\/wp\/v2\/posts\/3176\/revisions"}],"predecessor-version":[{"id":3179,"href":"https:\/\/recercacompetecs.udl.cat\/codicri\/wp-json\/wp\/v2\/posts\/3176\/revisions\/3179"}],"wp:attachment":[{"href":"https:\/\/recercacompetecs.udl.cat\/codicri\/wp-json\/wp\/v2\/media?parent=3176"}],"wp:term":[{"taxonomy":"category","embeddable":true,"href":"https:\/\/recercacompetecs.udl.cat\/codicri\/wp-json\/wp\/v2\/categories?post=3176"},{"taxonomy":"post_tag","embeddable":true,"href":"https:\/\/recercacompetecs.udl.cat\/codicri\/wp-json\/wp\/v2\/tags?post=3176"}],"curies":[{"name":"wp","href":"https:\/\/api.w.org\/{rel}","templated":true}]}}