{"id":1620,"date":"2025-06-24T14:36:38","date_gmt":"2025-06-24T12:36:38","guid":{"rendered":"https:\/\/recercacompetecs.udl.cat\/codicri\/?p=1620"},"modified":"2025-07-04T12:54:13","modified_gmt":"2025-07-04T10:54:13","slug":"talleres-de-catedra-mafre","status":"publish","type":"post","link":"https:\/\/recercacompetecs.udl.cat\/codicri\/pea-entrevistas\/talleres-de-catedra-mafre","title":{"rendered":"Talleres de C\u00e1tedra MAFRE"},"content":{"rendered":"\n<p><\/p>\n\n\n\n<h2 class=\"wp-block-heading\">Talleres de C\u00e1tedra MAFRE<\/h2>\n\n\n\n<p><strong>EQUIPO DISE\u00d1ADOR Y AFILIACI\u00d3N: <\/strong><a>Ana Sanabria (Universidad de La Laguna)<\/a><\/p>\n\n\n\n<p><strong>DISE\u00d1O DEL ESCENARIO DE APRENDIZAJE<\/strong>:<\/p>\n\n\n\n<p><strong>Aspectos materiales (recursos materiales y tecnol\u00f3gicos necesarios, espacios,\u2026):<\/strong><\/p>\n\n\n\n<p>LMS (Learning Management Systems)- EVEA (Entornos Virtuales de Ense\u00f1anza-Aprendizaje)- Plataformas en l\u00ednea (OpenCourseWare de la ULL). OER Recursos Educativos Abiertos. Fors de discusi\u00f3n en l\u00ednea.<\/p>\n\n\n\n<p><strong>Aspectos sociales (agrupamiento, roles,\u2026):<\/strong><\/p>\n\n\n\n<p>Trabajo en parejas. Trabajo en equipos- grupos de 3 personas o m\u00e1s (cuatro).<\/p>\n\n\n\n<p><strong>Aspectos epistemol\u00f3gicos (tareas, secuencia, temporalizaci\u00f3n, modalidad,\u2026):<\/strong><\/p>\n\n\n\n<p>El estudiantado lleva a cabo reflexi\u00f3n cr\u00edtica. El estudiantado lleva a cabo proyectos grupales\/colaborativos.<\/p>\n\n\n\n<p><strong>Aproximaciones pedag\u00f3gicas<\/strong>:<\/p>\n\n\n\n<p>Aprendizaje activo, Aprendizaje aut\u00e9ntico.<\/p>\n\n\n\n<p><\/p>\n\n\n\n<p><strong>CARACTER\u00cdSTICAS DE LA IMPLEMENTACI\u00d3N<\/strong>:<\/p>\n\n\n\n<p>Esta c\u00e1tedra es una transferencia de conocimiento m\u00e1s all\u00e1 de los contextos acad\u00e9micos y universitarios y que realmente est\u00e1 todo a disposici\u00f3n en la web de de cualquier usuario, En algunos casos son talleres en los que los participantes elaboran REA, que suelen acabar con una reflexi\u00f3n. Tiene mucha difusi\u00f3n, los productos realizados se llegan a presentar a premios.<\/p>\n\n\n\n<p><\/p>\n\n\n\n<p class=\"has-text-align-left\"><br><em>Talleres de C\u00e1tedra MAFRE \u00a9 2025 por CoDiCri est\u00e1 bajo licencia CC BY-NC-SA 4.0: <a href=\"https:\/\/creativecommons.org\/licenses\/by-nc-sa\/4.0\/deed.es\">https:\/\/creativecommons.org\/licenses\/by-nc-sa\/4.0\/deed.es<\/a><\/em><\/p>\n\n\n\n<figure class=\"wp-block-image aligncenter size-full is-resized\"><a href=\"https:\/\/repositori.udl.cat\/items\/e5b4c30c-dcb4-453c-a645-ccb6982a5c14\" target=\"_blank\" rel=\" noreferrer noopener\"><img fetchpriority=\"high\" decoding=\"async\" width=\"511\" height=\"511\" src=\"https:\/\/recercacompetecs.udl.cat\/codicri\/wp-content\/uploads\/2025\/06\/pdf-e1749841583385.png\" alt=\"\" class=\"wp-image-901\" style=\"width:59px;height:auto\" srcset=\"https:\/\/recercacompetecs.udl.cat\/codicri\/wp-content\/uploads\/2025\/06\/pdf-e1749841583385.png 511w, https:\/\/recercacompetecs.udl.cat\/codicri\/wp-content\/uploads\/2025\/06\/pdf-e1749841583385-300x300.png 300w, https:\/\/recercacompetecs.udl.cat\/codicri\/wp-content\/uploads\/2025\/06\/pdf-e1749841583385-150x150.png 150w, https:\/\/recercacompetecs.udl.cat\/codicri\/wp-content\/uploads\/2025\/06\/elementor\/thumbs\/pdf-e1749841583385-r79eytwirgj2dh71n4pb9bynu4f238pqr2nk2iojhs.png 120w\" sizes=\"(max-width: 511px) 100vw, 511px\" \/><\/a><\/figure>\n\n\n\n<p class=\"has-text-align-center\"><strong><a href=\"https:\/\/repositori.udl.cat\/items\/e5b4c30c-dcb4-453c-a645-ccb6982a5c14\" target=\"_blank\" rel=\"noreferrer noopener\">Descargar ficha en PDF<\/a><\/strong><\/p>\n","protected":false},"excerpt":{"rendered":"<p>PEA centrado en talleres de la C\u00e1tedra MAFRE de elaboraci\u00f3n de REA por parte de participantes m\u00e1s all\u00e1 de los contextos acad\u00e9micos y universitarios.<\/p>\n","protected":false},"author":3,"featured_media":0,"comment_status":"closed","ping_status":"open","sticky":false,"template":"","format":"standard","meta":{"footnotes":""},"categories":[28],"tags":[53,46,57,50],"class_list":["post-1620","post","type-post","status-publish","format-standard","hentry","category-pea-entrevistas","tag-cdc-ciudadania-y-responsabilidad-digitales","tag-cdc-pensamiento-critico-sobre-el-mundo-digital","tag-cdc-produccion-mediatica-critica","tag-pea-pedagogica-centrada-en-aprendiz-y-contenido"],"_links":{"self":[{"href":"https:\/\/recercacompetecs.udl.cat\/codicri\/wp-json\/wp\/v2\/posts\/1620","targetHints":{"allow":["GET"]}}],"collection":[{"href":"https:\/\/recercacompetecs.udl.cat\/codicri\/wp-json\/wp\/v2\/posts"}],"about":[{"href":"https:\/\/recercacompetecs.udl.cat\/codicri\/wp-json\/wp\/v2\/types\/post"}],"author":[{"embeddable":true,"href":"https:\/\/recercacompetecs.udl.cat\/codicri\/wp-json\/wp\/v2\/users\/3"}],"replies":[{"embeddable":true,"href":"https:\/\/recercacompetecs.udl.cat\/codicri\/wp-json\/wp\/v2\/comments?post=1620"}],"version-history":[{"count":3,"href":"https:\/\/recercacompetecs.udl.cat\/codicri\/wp-json\/wp\/v2\/posts\/1620\/revisions"}],"predecessor-version":[{"id":1968,"href":"https:\/\/recercacompetecs.udl.cat\/codicri\/wp-json\/wp\/v2\/posts\/1620\/revisions\/1968"}],"wp:attachment":[{"href":"https:\/\/recercacompetecs.udl.cat\/codicri\/wp-json\/wp\/v2\/media?parent=1620"}],"wp:term":[{"taxonomy":"category","embeddable":true,"href":"https:\/\/recercacompetecs.udl.cat\/codicri\/wp-json\/wp\/v2\/categories?post=1620"},{"taxonomy":"post_tag","embeddable":true,"href":"https:\/\/recercacompetecs.udl.cat\/codicri\/wp-json\/wp\/v2\/tags?post=1620"}],"curies":[{"name":"wp","href":"https:\/\/api.w.org\/{rel}","templated":true}]}}